[{"@context":"https:\/\/schema.org\/","@type":"Article","@id":"https:\/\/www.veu.sk\/koronavirus\/#Article","mainEntityOfPage":"https:\/\/www.veu.sk\/koronavirus\/","headline":"Koronav\u00edrus","name":"Koronav\u00edrus","description":"Covid-19 bolo nepr\u00edjemn\u00e9 ochorenie. Vyskytlo sa \u00faplnou n\u00e1hodou a\u00a0\u0161\u00edrilo sa neskuto\u010dnou r\u00fdchlos\u0165ou. Z\u00a0\u00c1zie sa to prenieslo a\u017e na Slovensko. Bolo to n\u00e1ro\u010dn\u00e9 obdobie. \u013dudia sa ve\u013emi r\u00fdchlo nakazili. Dennodenn\u00e9 testovanie u\u017e bolo pomaly aj ve\u013emi otravn\u00e9, no bolo to nutn\u00e9,...","datePublished":"2023-12-22","dateModified":"2023-12-22","author":{"@type":"Person","@id":"https:\/\/www.veu.sk\/author\/#Person","name":"","url":"https:\/\/www.veu.sk\/author\/","identifier":1,"image":{"@type":"ImageObject","@id":"https:\/\/secure.gravatar.com\/avatar\/4a857923b487546550539169ba61d16e7910c692fb61fb4681a6882b9bc918c0?s=96&d=mm&r=g","url":"https:\/\/secure.gravatar.com\/avatar\/4a857923b487546550539169ba61d16e7910c692fb61fb4681a6882b9bc918c0?s=96&d=mm&r=g","height":96,"width":96}},"publisher":{"@type":"Organization","name":"veu.sk","logo":{"@type":"ImageObject","@id":"\/logo.png","url":"\/logo.png","width":600,"height":60}},"image":{"@type":"ImageObject","@id":"https:\/\/www.veu.sk\/wp-content\/uploads\/mask-4934337_640.jpg","url":"https:\/\/www.veu.sk\/wp-content\/uploads\/mask-4934337_640.jpg","height":0,"width":0},"url":"https:\/\/www.veu.sk\/koronavirus\/","about":["Veda"],"wordCount":359,"articleBody":"Covid-19 bolo nepr\u00edjemn\u00e9 ochorenie. Vyskytlo sa \u00faplnou n\u00e1hodou a\u00a0\u0161\u00edrilo sa neskuto\u010dnou r\u00fdchlos\u0165ou. Z\u00a0\u00c1zie sa to prenieslo a\u017e na Slovensko. Bolo to n\u00e1ro\u010dn\u00e9 obdobie. \u013dudia sa ve\u013emi r\u00fdchlo nakazili. Dennodenn\u00e9 testovanie u\u017e bolo pomaly aj ve\u013emi otravn\u00e9, no bolo to nutn\u00e9, aby sa vedelo, ko\u013eko \u013eud\u00ed je moment\u00e1lne nakazen\u00fdch pr\u00e1ve nebezpe\u010dn\u00fdm v\u00edrusom koronav\u00edrusu. Koronav\u00edrus je \u013eudov\u00fd n\u00e1zov pre ochorenie Covid-19. Proti koronav\u00edrusu vedci vym\u00fd\u0161\u013eali ve\u013emi r\u00fdchlo protil\u00e1tky, aby zmiernili po\u010det nakazen\u00fdch \u013eud\u00ed. Av\u0161ak nakazilo sa skoro cel\u00e9 Slovensko.Vedci pracovali ve\u013emi prec\u00edzne a\u00a0r\u00fdchlo museli nie\u010do vymyslie\u0165. Ke\u010f sa na\u0161la vakc\u00edna proti koronav\u00edrusu, museli sme sa \u0148ou da\u0165 poctivo zao\u010dkova\u0165. Na\u0161lo sa aj zop\u00e1r \u013eud\u00ed, ktor\u00ed odmietli sa necha\u0165 zao\u010dkova\u0165 protil\u00e1tkou proti koronav\u00edrusu.T\u00ed, ktor\u00ed sa nakazili koronav\u00edrusom, mali nepr\u00edjemn\u00e9 n\u00e1sledky. Okrem straty \u010duchu a\u00a0chute, dostali siln\u00e9 hor\u00fa\u010dky a\u00a0nevedeli poriadne d\u00fdcha\u0165. Sprev\u00e1dzal ich siln\u00fd ka\u0161e\u013e. Najhor\u0161ie bolo to, \u017ee pr\u00e1ve t\u00fdmto nebezpe\u010dn\u00fdm koronav\u00edrusom sa nakazili aj deti. Deti nosili r\u00fa\u0161ka a\u00a0respir\u00e1tory, aby boli viac chr\u00e1nen\u00e9, no moc to nepomohlo. Aj my dospel\u00ed sme museli nosi\u0165 ochrann\u00e9 pom\u00f4cky v\u00a0podobe ochrann\u00fdch r\u00fa\u0161ok a\u00a0respir\u00e1torov. Nedalo sa v\u00a0tom d\u00fdcha\u0165. Bolo to najhor\u0161ie obdobie, ak\u00fdm si Slovensko pre\u0161lo.Koronav\u00edrus sp\u00f4sobil to, \u017ee mnoh\u00e9 podniky sa zatvorili. Z\u00a0ni\u010doho ni\u010d \u013eudia pri\u0161li o\u00a0svoje dlhotrvaj\u00face zamestnanie a\u00a0boli n\u00faten\u00ed \u017ei\u0165 z\u00a0ni\u010doho. \u017deny za\u010dali piec\u0165 chlieb alebo in\u00e9 pe\u010divo. Do obchodov sme nemohli, ak sme boli nakazen\u00ed pr\u00e1ve v\u00edrusov\u00fdm ochoren\u00edm Covid-19.\u00a0Toto obdobie trvalo skoro dva roky, \u010do bola nepredstavite\u013ene dlh\u00e1 doba. Na\u0161\u0165astie to u\u017e pominulo a\u00a0koronav\u00edrus sa zmutoval do klasickej chr\u00edpky.\u00a0Aj vy ste sa nakazili pr\u00e1ve v\u00edrusov\u00fdm ochoren\u00edm Covid-19? Ur\u010dite \u00e1no. Ak nie, tak ste mali obrovsk\u00e9 \u0161\u0165astie.                                                                                                                                                                                                                                                                                                                                                                                                "},{"@context":"https:\/\/schema.org\/","@type":"BreadcrumbList","itemListElement":[{"@type":"ListItem","position":1,"name":"Koronav\u00edrus","item":"https:\/\/www.veu.sk\/koronavirus\/#breadcrumbitem"}]}]